{"id":1183,"date":"2024-04-18T22:25:36","date_gmt":"2024-04-18T20:25:36","guid":{"rendered":"https:\/\/docentia.uautonoma.cl\/?p=1183"},"modified":"2024-07-17T22:31:04","modified_gmt":"2024-07-17T20:31:04","slug":"la-transferencia-de-los-proyectos-de-innovacion-docente-un-estudio-sobre-su-capacidad-de-transformar-la-ensenanza-y-el-aprendizaje","status":"publish","type":"post","link":"https:\/\/docentia.uautonoma.cl\/en\/la-transferencia-de-los-proyectos-de-innovacion-docente-un-estudio-sobre-su-capacidad-de-transformar-la-ensenanza-y-el-aprendizaje\/","title":{"rendered":"La transferencia de los proyectos de innovaci\u00f3n docente: un estudio sobre su capacidad de transformar la ense\u00f1anza y el aprendizaje"},"content":{"rendered":"<p>Art\u00edculo: La transferencia de los proyectos de innovaci\u00f3n docente: un estudio sobre su capacidad de transformar la ense\u00f1anza y el aprendizaje. <em>Educar, 58<\/em>(1), 69-84. Feixas, M., &amp; Mart\u00ednez-Usarralde, M.-J. (2022).<\/p>","protected":false},"excerpt":{"rendered":"<p>Art\u00edculo: La transferencia de los proyectos de innovaci\u00f3n docente: un estudio sobre su capacidad de transformar la ense\u00f1anza y el aprendizaje. Educar, 58(1), 69-84. Feixas, M., &#038; Mart\u00ednez-Usarralde, M.-J. (2022).<\/p>","protected":false},"author":1,"featured_media":1123,"comment_status":"open","ping_status":"open","sticky":false,"template":"","format":"standard","meta":{"_eb_attr":"","_piecal_is_event":false,"_piecal_start_date":"","_piecal_end_date":"","_piecal_is_allday":false,"_EventAllDay":false,"_EventTimezone":"","_EventStartDate":"","_EventEndDate":"","_EventStartDateUTC":"","_EventEndDateUTC":"","_EventShowMap":false,"_EventShowMapLink":false,"_EventURL":"","_EventCost":"","_EventCostDescription":"","_EventCurrencySymbol":"","_EventCurrencyCode":"","_EventCurrencyPosition":"","_EventDateTimeSeparator":"","_EventTimeRangeSeparator":"","_EventOrganizerID":[],"_EventVenueID":[],"_OrganizerEmail":"","_OrganizerPhone":"","_OrganizerWebsite":"","_VenueAddress":"","_VenueCity":"","_VenueCountry":"","_VenueProvince":"","_VenueState":"","_VenueZip":"","_VenuePhone":"","_VenueURL":"","_VenueStateProvince":"","_VenueLat":"","_VenueLng":"","_VenueShowMap":false,"_VenueShowMapLink":false,"footnotes":""},"categories":[46,39,28],"tags":[],"class_list":["post-1183","post","type-post","status-publish","format-standard","has-post-thumbnail","hentry","category-articulos","category-noticia-destacada-3","category-recursos-docencia"],"acf":[],"yoast_head":"<!-- This site is optimized with the Yoast SEO plugin v25.6 - https:\/\/yoast.com\/wordpress\/plugins\/seo\/ -->\n<title>La transferencia de los proyectos de innovaci\u00f3n docente: un estudio sobre su capacidad de transformar la ense\u00f1anza y el aprendizaje - Docentia<\/title>\n<meta name=\"robots\" content=\"index, follow, max-snippet:-1, max-image-preview:large, max-video-preview:-1\" \/>\n<link rel=\"canonical\" href=\"https:\/\/docentia.uautonoma.cl\/en\/la-transferencia-de-los-proyectos-de-innovacion-docente-un-estudio-sobre-su-capacidad-de-transformar-la-ensenanza-y-el-aprendizaje\/\" \/>\n<meta property=\"og:locale\" content=\"en_US\" \/>\n<meta property=\"og:type\" content=\"article\" \/>\n<meta property=\"og:title\" content=\"La transferencia de los proyectos de innovaci\u00f3n docente: un estudio sobre su capacidad de transformar la ense\u00f1anza y el aprendizaje - Docentia\" \/>\n<meta property=\"og:description\" content=\"Art\u00edculo: La transferencia de los proyectos de innovaci\u00f3n docente: un estudio sobre su capacidad de transformar la ense\u00f1anza y el aprendizaje. Educar, 58(1), 69-84. Feixas, M., &amp; Mart\u00ednez-Usarralde, M.-J. (2022).\" \/>\n<meta property=\"og:url\" content=\"https:\/\/docentia.uautonoma.cl\/en\/la-transferencia-de-los-proyectos-de-innovacion-docente-un-estudio-sobre-su-capacidad-de-transformar-la-ensenanza-y-el-aprendizaje\/\" \/>\n<meta property=\"og:site_name\" content=\"Docentia\" \/>\n<meta property=\"article:published_time\" content=\"2024-04-18T20:25:36+00:00\" \/>\n<meta property=\"article:modified_time\" content=\"2024-07-17T20:31:04+00:00\" \/>\n<meta property=\"og:image\" content=\"https:\/\/docentia.uautonoma.cl\/wp-content\/uploads\/2024\/04\/blank-notebook-and-other-objects-2022-12-15-23-58-14-utc-scaled.jpg\" \/>\n\t<meta property=\"og:image:width\" content=\"2560\" \/>\n\t<meta property=\"og:image:height\" content=\"1708\" \/>\n\t<meta property=\"og:image:type\" content=\"image\/jpeg\" \/>\n<meta name=\"author\" content=\"administrador\" \/>\n<meta name=\"twitter:card\" content=\"summary_large_image\" \/>\n<meta name=\"twitter:label1\" content=\"Written by\" \/>\n\t<meta name=\"twitter:data1\" content=\"administrador\" \/>\n<script type=\"application\/ld+json\" class=\"yoast-schema-graph\">{\"@context\":\"https:\/\/schema.org\",\"@graph\":[{\"@type\":\"Article\",\"@id\":\"https:\/\/docentia.uautonoma.cl\/la-transferencia-de-los-proyectos-de-innovacion-docente-un-estudio-sobre-su-capacidad-de-transformar-la-ensenanza-y-el-aprendizaje\/#article\",\"isPartOf\":{\"@id\":\"https:\/\/docentia.uautonoma.cl\/la-transferencia-de-los-proyectos-de-innovacion-docente-un-estudio-sobre-su-capacidad-de-transformar-la-ensenanza-y-el-aprendizaje\/\"},\"author\":{\"name\":\"administrador\",\"@id\":\"https:\/\/docentia.uautonoma.cl\/#\/schema\/person\/e9b3855c4c28b6e9e4623ffbdca9439f\"},\"headline\":\"La transferencia de los proyectos de innovaci\u00f3n docente: un estudio sobre su capacidad de transformar la ense\u00f1anza y el aprendizaje\",\"datePublished\":\"2024-04-18T20:25:36+00:00\",\"dateModified\":\"2024-07-17T20:31:04+00:00\",\"mainEntityOfPage\":{\"@id\":\"https:\/\/docentia.uautonoma.cl\/la-transferencia-de-los-proyectos-de-innovacion-docente-un-estudio-sobre-su-capacidad-de-transformar-la-ensenanza-y-el-aprendizaje\/\"},\"wordCount\":55,\"commentCount\":0,\"publisher\":{\"@id\":\"https:\/\/docentia.uautonoma.cl\/#organization\"},\"image\":{\"@id\":\"https:\/\/docentia.uautonoma.cl\/la-transferencia-de-los-proyectos-de-innovacion-docente-un-estudio-sobre-su-capacidad-de-transformar-la-ensenanza-y-el-aprendizaje\/#primaryimage\"},\"thumbnailUrl\":\"https:\/\/docentia.uautonoma.cl\/wp-content\/uploads\/2024\/04\/blank-notebook-and-other-objects-2022-12-15-23-58-14-utc-scaled.jpg\",\"articleSection\":[\"Art\u00edculos\",\"Noticia Destacada 3\",\"Recursos Docencia\"],\"inLanguage\":\"en-US\",\"potentialAction\":[{\"@type\":\"CommentAction\",\"name\":\"Comment\",\"target\":[\"https:\/\/docentia.uautonoma.cl\/la-transferencia-de-los-proyectos-de-innovacion-docente-un-estudio-sobre-su-capacidad-de-transformar-la-ensenanza-y-el-aprendizaje\/#respond\"]}]},{\"@type\":\"WebPage\",\"@id\":\"https:\/\/docentia.uautonoma.cl\/la-transferencia-de-los-proyectos-de-innovacion-docente-un-estudio-sobre-su-capacidad-de-transformar-la-ensenanza-y-el-aprendizaje\/\",\"url\":\"https:\/\/docentia.uautonoma.cl\/la-transferencia-de-los-proyectos-de-innovacion-docente-un-estudio-sobre-su-capacidad-de-transformar-la-ensenanza-y-el-aprendizaje\/\",\"name\":\"La transferencia de los proyectos de innovaci\u00f3n docente: un estudio sobre su capacidad de transformar la ense\u00f1anza y el aprendizaje - Docentia\",\"isPartOf\":{\"@id\":\"https:\/\/docentia.uautonoma.cl\/#website\"},\"primaryImageOfPage\":{\"@id\":\"https:\/\/docentia.uautonoma.cl\/la-transferencia-de-los-proyectos-de-innovacion-docente-un-estudio-sobre-su-capacidad-de-transformar-la-ensenanza-y-el-aprendizaje\/#primaryimage\"},\"image\":{\"@id\":\"https:\/\/docentia.uautonoma.cl\/la-transferencia-de-los-proyectos-de-innovacion-docente-un-estudio-sobre-su-capacidad-de-transformar-la-ensenanza-y-el-aprendizaje\/#primaryimage\"},\"thumbnailUrl\":\"https:\/\/docentia.uautonoma.cl\/wp-content\/uploads\/2024\/04\/blank-notebook-and-other-objects-2022-12-15-23-58-14-utc-scaled.jpg\",\"datePublished\":\"2024-04-18T20:25:36+00:00\",\"dateModified\":\"2024-07-17T20:31:04+00:00\",\"breadcrumb\":{\"@id\":\"https:\/\/docentia.uautonoma.cl\/la-transferencia-de-los-proyectos-de-innovacion-docente-un-estudio-sobre-su-capacidad-de-transformar-la-ensenanza-y-el-aprendizaje\/#breadcrumb\"},\"inLanguage\":\"en-US\",\"potentialAction\":[{\"@type\":\"ReadAction\",\"target\":[\"https:\/\/docentia.uautonoma.cl\/la-transferencia-de-los-proyectos-de-innovacion-docente-un-estudio-sobre-su-capacidad-de-transformar-la-ensenanza-y-el-aprendizaje\/\"]}]},{\"@type\":\"ImageObject\",\"inLanguage\":\"en-US\",\"@id\":\"https:\/\/docentia.uautonoma.cl\/la-transferencia-de-los-proyectos-de-innovacion-docente-un-estudio-sobre-su-capacidad-de-transformar-la-ensenanza-y-el-aprendizaje\/#primaryimage\",\"url\":\"https:\/\/docentia.uautonoma.cl\/wp-content\/uploads\/2024\/04\/blank-notebook-and-other-objects-2022-12-15-23-58-14-utc-scaled.jpg\",\"contentUrl\":\"https:\/\/docentia.uautonoma.cl\/wp-content\/uploads\/2024\/04\/blank-notebook-and-other-objects-2022-12-15-23-58-14-utc-scaled.jpg\",\"width\":2560,\"height\":1708},{\"@type\":\"BreadcrumbList\",\"@id\":\"https:\/\/docentia.uautonoma.cl\/la-transferencia-de-los-proyectos-de-innovacion-docente-un-estudio-sobre-su-capacidad-de-transformar-la-ensenanza-y-el-aprendizaje\/#breadcrumb\",\"itemListElement\":[{\"@type\":\"ListItem\",\"position\":1,\"name\":\"Portada\",\"item\":\"https:\/\/docentia.uautonoma.cl\/\"},{\"@type\":\"ListItem\",\"position\":2,\"name\":\"La transferencia de los proyectos de innovaci\u00f3n docente: un estudio sobre su capacidad de transformar la ense\u00f1anza y el aprendizaje\"}]},{\"@type\":\"WebSite\",\"@id\":\"https:\/\/docentia.uautonoma.cl\/#website\",\"url\":\"https:\/\/docentia.uautonoma.cl\/\",\"name\":\"Docentia\",\"description\":\"Centro de Innovaci\u00f3n y Desarrollo Docente\",\"publisher\":{\"@id\":\"https:\/\/docentia.uautonoma.cl\/#organization\"},\"potentialAction\":[{\"@type\":\"SearchAction\",\"target\":{\"@type\":\"EntryPoint\",\"urlTemplate\":\"https:\/\/docentia.uautonoma.cl\/?s={search_term_string}\"},\"query-input\":{\"@type\":\"PropertyValueSpecification\",\"valueRequired\":true,\"valueName\":\"search_term_string\"}}],\"inLanguage\":\"en-US\"},{\"@type\":\"Organization\",\"@id\":\"https:\/\/docentia.uautonoma.cl\/#organization\",\"name\":\"Docentia\",\"url\":\"https:\/\/docentia.uautonoma.cl\/\",\"logo\":{\"@type\":\"ImageObject\",\"inLanguage\":\"en-US\",\"@id\":\"https:\/\/docentia.uautonoma.cl\/#\/schema\/logo\/image\/\",\"url\":\"https:\/\/docentia.uautonoma.cl\/wp-content\/uploads\/2024\/04\/logofinal-01.png\",\"contentUrl\":\"https:\/\/docentia.uautonoma.cl\/wp-content\/uploads\/2024\/04\/logofinal-01.png\",\"width\":4167,\"height\":2084,\"caption\":\"Docentia\"},\"image\":{\"@id\":\"https:\/\/docentia.uautonoma.cl\/#\/schema\/logo\/image\/\"},\"sameAs\":[\"https:\/\/www.linkedin.com\/in\/docentia\/\"]},{\"@type\":\"Person\",\"@id\":\"https:\/\/docentia.uautonoma.cl\/#\/schema\/person\/e9b3855c4c28b6e9e4623ffbdca9439f\",\"name\":\"administrador\",\"image\":{\"@type\":\"ImageObject\",\"inLanguage\":\"en-US\",\"@id\":\"https:\/\/docentia.uautonoma.cl\/#\/schema\/person\/image\/\",\"url\":\"https:\/\/secure.gravatar.com\/avatar\/ec537d99eae2642ab4ef3d4f5dfa3c44de368aa29a608f8624c856ebd5a3c88d?s=96&d=mm&r=g\",\"contentUrl\":\"https:\/\/secure.gravatar.com\/avatar\/ec537d99eae2642ab4ef3d4f5dfa3c44de368aa29a608f8624c856ebd5a3c88d?s=96&d=mm&r=g\",\"caption\":\"administrador\"},\"sameAs\":[\"https:\/\/docentia.compendiolab.com\"],\"url\":\"https:\/\/docentia.uautonoma.cl\/en\/author\/administrador\/\"}]}<\/script>\n<!-- \/ Yoast SEO plugin. -->","yoast_head_json":{"title":"La transferencia de los proyectos de innovaci\u00f3n docente: un estudio sobre su capacidad de transformar la ense\u00f1anza y el aprendizaje - Docentia","robots":{"index":"index","follow":"follow","max-snippet":"max-snippet:-1","max-image-preview":"max-image-preview:large","max-video-preview":"max-video-preview:-1"},"canonical":"https:\/\/docentia.uautonoma.cl\/en\/la-transferencia-de-los-proyectos-de-innovacion-docente-un-estudio-sobre-su-capacidad-de-transformar-la-ensenanza-y-el-aprendizaje\/","og_locale":"en_US","og_type":"article","og_title":"La transferencia de los proyectos de innovaci\u00f3n docente: un estudio sobre su capacidad de transformar la ense\u00f1anza y el aprendizaje - Docentia","og_description":"Art\u00edculo: La transferencia de los proyectos de innovaci\u00f3n docente: un estudio sobre su capacidad de transformar la ense\u00f1anza y el aprendizaje. Educar, 58(1), 69-84. Feixas, M., & Mart\u00ednez-Usarralde, M.-J. (2022).","og_url":"https:\/\/docentia.uautonoma.cl\/en\/la-transferencia-de-los-proyectos-de-innovacion-docente-un-estudio-sobre-su-capacidad-de-transformar-la-ensenanza-y-el-aprendizaje\/","og_site_name":"Docentia","article_published_time":"2024-04-18T20:25:36+00:00","article_modified_time":"2024-07-17T20:31:04+00:00","og_image":[{"width":2560,"height":1708,"url":"https:\/\/docentia.uautonoma.cl\/wp-content\/uploads\/2024\/04\/blank-notebook-and-other-objects-2022-12-15-23-58-14-utc-scaled.jpg","type":"image\/jpeg"}],"author":"administrador","twitter_card":"summary_large_image","twitter_misc":{"Written by":"administrador"},"schema":{"@context":"https:\/\/schema.org","@graph":[{"@type":"Article","@id":"https:\/\/docentia.uautonoma.cl\/la-transferencia-de-los-proyectos-de-innovacion-docente-un-estudio-sobre-su-capacidad-de-transformar-la-ensenanza-y-el-aprendizaje\/#article","isPartOf":{"@id":"https:\/\/docentia.uautonoma.cl\/la-transferencia-de-los-proyectos-de-innovacion-docente-un-estudio-sobre-su-capacidad-de-transformar-la-ensenanza-y-el-aprendizaje\/"},"author":{"name":"administrador","@id":"https:\/\/docentia.uautonoma.cl\/#\/schema\/person\/e9b3855c4c28b6e9e4623ffbdca9439f"},"headline":"La transferencia de los proyectos de innovaci\u00f3n docente: un estudio sobre su capacidad de transformar la ense\u00f1anza y el aprendizaje","datePublished":"2024-04-18T20:25:36+00:00","dateModified":"2024-07-17T20:31:04+00:00","mainEntityOfPage":{"@id":"https:\/\/docentia.uautonoma.cl\/la-transferencia-de-los-proyectos-de-innovacion-docente-un-estudio-sobre-su-capacidad-de-transformar-la-ensenanza-y-el-aprendizaje\/"},"wordCount":55,"commentCount":0,"publisher":{"@id":"https:\/\/docentia.uautonoma.cl\/#organization"},"image":{"@id":"https:\/\/docentia.uautonoma.cl\/la-transferencia-de-los-proyectos-de-innovacion-docente-un-estudio-sobre-su-capacidad-de-transformar-la-ensenanza-y-el-aprendizaje\/#primaryimage"},"thumbnailUrl":"https:\/\/docentia.uautonoma.cl\/wp-content\/uploads\/2024\/04\/blank-notebook-and-other-objects-2022-12-15-23-58-14-utc-scaled.jpg","articleSection":["Art\u00edculos","Noticia Destacada 3","Recursos Docencia"],"inLanguage":"en-US","potentialAction":[{"@type":"CommentAction","name":"Comment","target":["https:\/\/docentia.uautonoma.cl\/la-transferencia-de-los-proyectos-de-innovacion-docente-un-estudio-sobre-su-capacidad-de-transformar-la-ensenanza-y-el-aprendizaje\/#respond"]}]},{"@type":"WebPage","@id":"https:\/\/docentia.uautonoma.cl\/la-transferencia-de-los-proyectos-de-innovacion-docente-un-estudio-sobre-su-capacidad-de-transformar-la-ensenanza-y-el-aprendizaje\/","url":"https:\/\/docentia.uautonoma.cl\/la-transferencia-de-los-proyectos-de-innovacion-docente-un-estudio-sobre-su-capacidad-de-transformar-la-ensenanza-y-el-aprendizaje\/","name":"La transferencia de los proyectos de innovaci\u00f3n docente: un estudio sobre su capacidad de transformar la ense\u00f1anza y el aprendizaje - Docentia","isPartOf":{"@id":"https:\/\/docentia.uautonoma.cl\/#website"},"primaryImageOfPage":{"@id":"https:\/\/docentia.uautonoma.cl\/la-transferencia-de-los-proyectos-de-innovacion-docente-un-estudio-sobre-su-capacidad-de-transformar-la-ensenanza-y-el-aprendizaje\/#primaryimage"},"image":{"@id":"https:\/\/docentia.uautonoma.cl\/la-transferencia-de-los-proyectos-de-innovacion-docente-un-estudio-sobre-su-capacidad-de-transformar-la-ensenanza-y-el-aprendizaje\/#primaryimage"},"thumbnailUrl":"https:\/\/docentia.uautonoma.cl\/wp-content\/uploads\/2024\/04\/blank-notebook-and-other-objects-2022-12-15-23-58-14-utc-scaled.jpg","datePublished":"2024-04-18T20:25:36+00:00","dateModified":"2024-07-17T20:31:04+00:00","breadcrumb":{"@id":"https:\/\/docentia.uautonoma.cl\/la-transferencia-de-los-proyectos-de-innovacion-docente-un-estudio-sobre-su-capacidad-de-transformar-la-ensenanza-y-el-aprendizaje\/#breadcrumb"},"inLanguage":"en-US","potentialAction":[{"@type":"ReadAction","target":["https:\/\/docentia.uautonoma.cl\/la-transferencia-de-los-proyectos-de-innovacion-docente-un-estudio-sobre-su-capacidad-de-transformar-la-ensenanza-y-el-aprendizaje\/"]}]},{"@type":"ImageObject","inLanguage":"en-US","@id":"https:\/\/docentia.uautonoma.cl\/la-transferencia-de-los-proyectos-de-innovacion-docente-un-estudio-sobre-su-capacidad-de-transformar-la-ensenanza-y-el-aprendizaje\/#primaryimage","url":"https:\/\/docentia.uautonoma.cl\/wp-content\/uploads\/2024\/04\/blank-notebook-and-other-objects-2022-12-15-23-58-14-utc-scaled.jpg","contentUrl":"https:\/\/docentia.uautonoma.cl\/wp-content\/uploads\/2024\/04\/blank-notebook-and-other-objects-2022-12-15-23-58-14-utc-scaled.jpg","width":2560,"height":1708},{"@type":"BreadcrumbList","@id":"https:\/\/docentia.uautonoma.cl\/la-transferencia-de-los-proyectos-de-innovacion-docente-un-estudio-sobre-su-capacidad-de-transformar-la-ensenanza-y-el-aprendizaje\/#breadcrumb","itemListElement":[{"@type":"ListItem","position":1,"name":"Portada","item":"https:\/\/docentia.uautonoma.cl\/"},{"@type":"ListItem","position":2,"name":"La transferencia de los proyectos de innovaci\u00f3n docente: un estudio sobre su capacidad de transformar la ense\u00f1anza y el aprendizaje"}]},{"@type":"WebSite","@id":"https:\/\/docentia.uautonoma.cl\/#website","url":"https:\/\/docentia.uautonoma.cl\/","name":"Docentia","description":"Centro de Innovaci\u00f3n y Desarrollo Docente","publisher":{"@id":"https:\/\/docentia.uautonoma.cl\/#organization"},"potentialAction":[{"@type":"SearchAction","target":{"@type":"EntryPoint","urlTemplate":"https:\/\/docentia.uautonoma.cl\/?s={search_term_string}"},"query-input":{"@type":"PropertyValueSpecification","valueRequired":true,"valueName":"search_term_string"}}],"inLanguage":"en-US"},{"@type":"Organization","@id":"https:\/\/docentia.uautonoma.cl\/#organization","name":"Docentia","url":"https:\/\/docentia.uautonoma.cl\/","logo":{"@type":"ImageObject","inLanguage":"en-US","@id":"https:\/\/docentia.uautonoma.cl\/#\/schema\/logo\/image\/","url":"https:\/\/docentia.uautonoma.cl\/wp-content\/uploads\/2024\/04\/logofinal-01.png","contentUrl":"https:\/\/docentia.uautonoma.cl\/wp-content\/uploads\/2024\/04\/logofinal-01.png","width":4167,"height":2084,"caption":"Docentia"},"image":{"@id":"https:\/\/docentia.uautonoma.cl\/#\/schema\/logo\/image\/"},"sameAs":["https:\/\/www.linkedin.com\/in\/docentia\/"]},{"@type":"Person","@id":"https:\/\/docentia.uautonoma.cl\/#\/schema\/person\/e9b3855c4c28b6e9e4623ffbdca9439f","name":"administrador","image":{"@type":"ImageObject","inLanguage":"en-US","@id":"https:\/\/docentia.uautonoma.cl\/#\/schema\/person\/image\/","url":"https:\/\/secure.gravatar.com\/avatar\/ec537d99eae2642ab4ef3d4f5dfa3c44de368aa29a608f8624c856ebd5a3c88d?s=96&d=mm&r=g","contentUrl":"https:\/\/secure.gravatar.com\/avatar\/ec537d99eae2642ab4ef3d4f5dfa3c44de368aa29a608f8624c856ebd5a3c88d?s=96&d=mm&r=g","caption":"administrador"},"sameAs":["https:\/\/docentia.compendiolab.com"],"url":"https:\/\/docentia.uautonoma.cl\/en\/author\/administrador\/"}]}},"_links":{"self":[{"href":"https:\/\/docentia.uautonoma.cl\/en\/wp-json\/wp\/v2\/posts\/1183","targetHints":{"allow":["GET"]}}],"collection":[{"href":"https:\/\/docentia.uautonoma.cl\/en\/wp-json\/wp\/v2\/posts"}],"about":[{"href":"https:\/\/docentia.uautonoma.cl\/en\/wp-json\/wp\/v2\/types\/post"}],"author":[{"embeddable":true,"href":"https:\/\/docentia.uautonoma.cl\/en\/wp-json\/wp\/v2\/users\/1"}],"replies":[{"embeddable":true,"href":"https:\/\/docentia.uautonoma.cl\/en\/wp-json\/wp\/v2\/comments?post=1183"}],"version-history":[{"count":2,"href":"https:\/\/docentia.uautonoma.cl\/en\/wp-json\/wp\/v2\/posts\/1183\/revisions"}],"predecessor-version":[{"id":1185,"href":"https:\/\/docentia.uautonoma.cl\/en\/wp-json\/wp\/v2\/posts\/1183\/revisions\/1185"}],"wp:featuredmedia":[{"embeddable":true,"href":"https:\/\/docentia.uautonoma.cl\/en\/wp-json\/wp\/v2\/media\/1123"}],"wp:attachment":[{"href":"https:\/\/docentia.uautonoma.cl\/en\/wp-json\/wp\/v2\/media?parent=1183"}],"wp:term":[{"taxonomy":"category","embeddable":true,"href":"https:\/\/docentia.uautonoma.cl\/en\/wp-json\/wp\/v2\/categories?post=1183"},{"taxonomy":"post_tag","embeddable":true,"href":"https:\/\/docentia.uautonoma.cl\/en\/wp-json\/wp\/v2\/tags?post=1183"}],"curies":[{"name":"wp","href":"https:\/\/api.w.org\/{rel}","templated":true}]}}