{"id":1857,"date":"2024-07-11T22:43:56","date_gmt":"2024-07-11T20:43:56","guid":{"rendered":"https:\/\/docentia.uautonoma.cl\/?p=1857"},"modified":"2024-08-12T19:12:57","modified_gmt":"2024-08-12T17:12:57","slug":"enfoque-por-competencias-genericas-en-educacion","status":"publish","type":"post","link":"https:\/\/docentia.uautonoma.cl\/en\/enfoque-por-competencias-genericas-en-educacion\/","title":{"rendered":"Enfoque por Competencias Gen\u00e9ricas en Educaci\u00f3n"},"content":{"rendered":"<p>Este curso permitir\u00e1 conocer c\u00f3mo y por qu\u00e9 se ha instalado este concepto en diversas universidades en el mundo, cu\u00e1les han sido sus principales hitos, c\u00f3mo se ha recogido este modelo en la Universidad Aut\u00f3noma de Chile, y las definiciones que se han adoptado para integrarlo como un pilar fundamental en el proyecto educativo, en conjunto con definir los indicadores de desempe\u00f1o que los docentes deben recoger en su quehacer acad\u00e9mico.<\/p>","protected":false},"excerpt":{"rendered":"<p>Este curso permitir\u00e1 conocer c\u00f3mo y por qu\u00e9 se ha instalado este concepto en diversas universidades en el mundo, cu\u00e1les han sido sus principales hitos, c\u00f3mo se ha recogido este [&hellip;]<\/p>","protected":false},"author":1,"featured_media":2176,"comment_status":"open","ping_status":"open","sticky":false,"template":"","format":"standard","meta":{"_eb_attr":"","_piecal_is_event":false,"_piecal_start_date":"","_piecal_end_date":"","_piecal_is_allday":false,"_EventAllDay":false,"_EventTimezone":"","_EventStartDate":"","_EventEndDate":"","_EventStartDateUTC":"","_EventEndDateUTC":"","_EventShowMap":false,"_EventShowMapLink":false,"_EventURL":"","_EventCost":"","_EventCostDescription":"","_EventCurrencySymbol":"","_EventCurrencyCode":"","_EventCurrencyPosition":"","_EventDateTimeSeparator":"","_EventTimeRangeSeparator":"","_EventOrganizerID":[],"_EventVenueID":[],"_OrganizerEmail":"","_OrganizerPhone":"","_OrganizerWebsite":"","_VenueAddress":"","_VenueCity":"","_VenueCountry":"","_VenueProvince":"","_VenueState":"","_VenueZip":"","_VenuePhone":"","_VenueURL":"","_VenueStateProvince":"","_VenueLat":"","_VenueLng":"","_VenueShowMap":false,"_VenueShowMapLink":false,"footnotes":""},"categories":[34,22],"tags":[],"class_list":["post-1857","post","type-post","status-publish","format-standard","has-post-thumbnail","hentry","category-nivel-habilitante","category-ruta-formativa"],"acf":[],"yoast_head":"<!-- This site is optimized with the Yoast SEO plugin v25.6 - https:\/\/yoast.com\/wordpress\/plugins\/seo\/ -->\n<title>Enfoque por Competencias Gen\u00e9ricas en Educaci\u00f3n - Docentia<\/title>\n<meta name=\"robots\" content=\"index, follow, max-snippet:-1, max-image-preview:large, max-video-preview:-1\" \/>\n<link rel=\"canonical\" href=\"https:\/\/docentia.uautonoma.cl\/en\/enfoque-por-competencias-genericas-en-educacion\/\" \/>\n<meta property=\"og:locale\" content=\"en_US\" \/>\n<meta property=\"og:type\" content=\"article\" \/>\n<meta property=\"og:title\" content=\"Enfoque por Competencias Gen\u00e9ricas en Educaci\u00f3n - Docentia\" \/>\n<meta property=\"og:description\" content=\"Este curso permitir\u00e1 conocer c\u00f3mo y por qu\u00e9 se ha instalado este concepto en diversas universidades en el mundo, cu\u00e1les han sido sus principales hitos, c\u00f3mo se ha recogido este [&hellip;]\" \/>\n<meta property=\"og:url\" content=\"https:\/\/docentia.uautonoma.cl\/en\/enfoque-por-competencias-genericas-en-educacion\/\" \/>\n<meta property=\"og:site_name\" content=\"Docentia\" \/>\n<meta property=\"article:published_time\" content=\"2024-07-11T20:43:56+00:00\" \/>\n<meta property=\"article:modified_time\" content=\"2024-08-12T17:12:57+00:00\" \/>\n<meta property=\"og:image\" content=\"https:\/\/docentia.uautonoma.cl\/wp-content\/uploads\/2024\/07\/ENFOQUE-POR-COMPETENCIAS.webp\" \/>\n\t<meta property=\"og:image:width\" content=\"1232\" \/>\n\t<meta property=\"og:image:height\" content=\"924\" \/>\n\t<meta property=\"og:image:type\" content=\"image\/webp\" \/>\n<meta name=\"author\" content=\"administrador\" \/>\n<meta name=\"twitter:card\" content=\"summary_large_image\" \/>\n<meta name=\"twitter:label1\" content=\"Written by\" \/>\n\t<meta name=\"twitter:data1\" content=\"administrador\" \/>\n<script type=\"application\/ld+json\" class=\"yoast-schema-graph\">{\"@context\":\"https:\/\/schema.org\",\"@graph\":[{\"@type\":\"Article\",\"@id\":\"https:\/\/docentia.uautonoma.cl\/enfoque-por-competencias-genericas-en-educacion\/#article\",\"isPartOf\":{\"@id\":\"https:\/\/docentia.uautonoma.cl\/enfoque-por-competencias-genericas-en-educacion\/\"},\"author\":{\"name\":\"administrador\",\"@id\":\"https:\/\/docentia.uautonoma.cl\/#\/schema\/person\/e9b3855c4c28b6e9e4623ffbdca9439f\"},\"headline\":\"Enfoque por Competencias Gen\u00e9ricas en Educaci\u00f3n\",\"datePublished\":\"2024-07-11T20:43:56+00:00\",\"dateModified\":\"2024-08-12T17:12:57+00:00\",\"mainEntityOfPage\":{\"@id\":\"https:\/\/docentia.uautonoma.cl\/enfoque-por-competencias-genericas-en-educacion\/\"},\"wordCount\":85,\"commentCount\":0,\"publisher\":{\"@id\":\"https:\/\/docentia.uautonoma.cl\/#organization\"},\"image\":{\"@id\":\"https:\/\/docentia.uautonoma.cl\/enfoque-por-competencias-genericas-en-educacion\/#primaryimage\"},\"thumbnailUrl\":\"https:\/\/docentia.uautonoma.cl\/wp-content\/uploads\/2024\/07\/ENFOQUE-POR-COMPETENCIAS.webp\",\"articleSection\":[\"Nivel Habilitante\",\"Ruta Formativa\"],\"inLanguage\":\"en-US\",\"potentialAction\":[{\"@type\":\"CommentAction\",\"name\":\"Comment\",\"target\":[\"https:\/\/docentia.uautonoma.cl\/enfoque-por-competencias-genericas-en-educacion\/#respond\"]}]},{\"@type\":\"WebPage\",\"@id\":\"https:\/\/docentia.uautonoma.cl\/enfoque-por-competencias-genericas-en-educacion\/\",\"url\":\"https:\/\/docentia.uautonoma.cl\/enfoque-por-competencias-genericas-en-educacion\/\",\"name\":\"Enfoque por Competencias Gen\u00e9ricas en Educaci\u00f3n - Docentia\",\"isPartOf\":{\"@id\":\"https:\/\/docentia.uautonoma.cl\/#website\"},\"primaryImageOfPage\":{\"@id\":\"https:\/\/docentia.uautonoma.cl\/enfoque-por-competencias-genericas-en-educacion\/#primaryimage\"},\"image\":{\"@id\":\"https:\/\/docentia.uautonoma.cl\/enfoque-por-competencias-genericas-en-educacion\/#primaryimage\"},\"thumbnailUrl\":\"https:\/\/docentia.uautonoma.cl\/wp-content\/uploads\/2024\/07\/ENFOQUE-POR-COMPETENCIAS.webp\",\"datePublished\":\"2024-07-11T20:43:56+00:00\",\"dateModified\":\"2024-08-12T17:12:57+00:00\",\"breadcrumb\":{\"@id\":\"https:\/\/docentia.uautonoma.cl\/enfoque-por-competencias-genericas-en-educacion\/#breadcrumb\"},\"inLanguage\":\"en-US\",\"potentialAction\":[{\"@type\":\"ReadAction\",\"target\":[\"https:\/\/docentia.uautonoma.cl\/enfoque-por-competencias-genericas-en-educacion\/\"]}]},{\"@type\":\"ImageObject\",\"inLanguage\":\"en-US\",\"@id\":\"https:\/\/docentia.uautonoma.cl\/enfoque-por-competencias-genericas-en-educacion\/#primaryimage\",\"url\":\"https:\/\/docentia.uautonoma.cl\/wp-content\/uploads\/2024\/07\/ENFOQUE-POR-COMPETENCIAS.webp\",\"contentUrl\":\"https:\/\/docentia.uautonoma.cl\/wp-content\/uploads\/2024\/07\/ENFOQUE-POR-COMPETENCIAS.webp\",\"width\":1232,\"height\":924},{\"@type\":\"BreadcrumbList\",\"@id\":\"https:\/\/docentia.uautonoma.cl\/enfoque-por-competencias-genericas-en-educacion\/#breadcrumb\",\"itemListElement\":[{\"@type\":\"ListItem\",\"position\":1,\"name\":\"Portada\",\"item\":\"https:\/\/docentia.uautonoma.cl\/\"},{\"@type\":\"ListItem\",\"position\":2,\"name\":\"Enfoque por Competencias Gen\u00e9ricas en Educaci\u00f3n\"}]},{\"@type\":\"WebSite\",\"@id\":\"https:\/\/docentia.uautonoma.cl\/#website\",\"url\":\"https:\/\/docentia.uautonoma.cl\/\",\"name\":\"Docentia\",\"description\":\"Centro de Innovaci\u00f3n y Desarrollo Docente\",\"publisher\":{\"@id\":\"https:\/\/docentia.uautonoma.cl\/#organization\"},\"potentialAction\":[{\"@type\":\"SearchAction\",\"target\":{\"@type\":\"EntryPoint\",\"urlTemplate\":\"https:\/\/docentia.uautonoma.cl\/?s={search_term_string}\"},\"query-input\":{\"@type\":\"PropertyValueSpecification\",\"valueRequired\":true,\"valueName\":\"search_term_string\"}}],\"inLanguage\":\"en-US\"},{\"@type\":\"Organization\",\"@id\":\"https:\/\/docentia.uautonoma.cl\/#organization\",\"name\":\"Docentia\",\"url\":\"https:\/\/docentia.uautonoma.cl\/\",\"logo\":{\"@type\":\"ImageObject\",\"inLanguage\":\"en-US\",\"@id\":\"https:\/\/docentia.uautonoma.cl\/#\/schema\/logo\/image\/\",\"url\":\"https:\/\/docentia.uautonoma.cl\/wp-content\/uploads\/2024\/04\/logofinal-01.png\",\"contentUrl\":\"https:\/\/docentia.uautonoma.cl\/wp-content\/uploads\/2024\/04\/logofinal-01.png\",\"width\":4167,\"height\":2084,\"caption\":\"Docentia\"},\"image\":{\"@id\":\"https:\/\/docentia.uautonoma.cl\/#\/schema\/logo\/image\/\"},\"sameAs\":[\"https:\/\/www.linkedin.com\/in\/docentia\/\"]},{\"@type\":\"Person\",\"@id\":\"https:\/\/docentia.uautonoma.cl\/#\/schema\/person\/e9b3855c4c28b6e9e4623ffbdca9439f\",\"name\":\"administrador\",\"image\":{\"@type\":\"ImageObject\",\"inLanguage\":\"en-US\",\"@id\":\"https:\/\/docentia.uautonoma.cl\/#\/schema\/person\/image\/\",\"url\":\"https:\/\/secure.gravatar.com\/avatar\/ec537d99eae2642ab4ef3d4f5dfa3c44de368aa29a608f8624c856ebd5a3c88d?s=96&d=mm&r=g\",\"contentUrl\":\"https:\/\/secure.gravatar.com\/avatar\/ec537d99eae2642ab4ef3d4f5dfa3c44de368aa29a608f8624c856ebd5a3c88d?s=96&d=mm&r=g\",\"caption\":\"administrador\"},\"sameAs\":[\"https:\/\/docentia.compendiolab.com\"],\"url\":\"https:\/\/docentia.uautonoma.cl\/en\/author\/administrador\/\"}]}<\/script>\n<!-- \/ Yoast SEO plugin. -->","yoast_head_json":{"title":"Enfoque por Competencias Gen\u00e9ricas en Educaci\u00f3n - Docentia","robots":{"index":"index","follow":"follow","max-snippet":"max-snippet:-1","max-image-preview":"max-image-preview:large","max-video-preview":"max-video-preview:-1"},"canonical":"https:\/\/docentia.uautonoma.cl\/en\/enfoque-por-competencias-genericas-en-educacion\/","og_locale":"en_US","og_type":"article","og_title":"Enfoque por Competencias Gen\u00e9ricas en Educaci\u00f3n - Docentia","og_description":"Este curso permitir\u00e1 conocer c\u00f3mo y por qu\u00e9 se ha instalado este concepto en diversas universidades en el mundo, cu\u00e1les han sido sus principales hitos, c\u00f3mo se ha recogido este [&hellip;]","og_url":"https:\/\/docentia.uautonoma.cl\/en\/enfoque-por-competencias-genericas-en-educacion\/","og_site_name":"Docentia","article_published_time":"2024-07-11T20:43:56+00:00","article_modified_time":"2024-08-12T17:12:57+00:00","og_image":[{"width":1232,"height":924,"url":"https:\/\/docentia.uautonoma.cl\/wp-content\/uploads\/2024\/07\/ENFOQUE-POR-COMPETENCIAS.webp","type":"image\/webp"}],"author":"administrador","twitter_card":"summary_large_image","twitter_misc":{"Written by":"administrador"},"schema":{"@context":"https:\/\/schema.org","@graph":[{"@type":"Article","@id":"https:\/\/docentia.uautonoma.cl\/enfoque-por-competencias-genericas-en-educacion\/#article","isPartOf":{"@id":"https:\/\/docentia.uautonoma.cl\/enfoque-por-competencias-genericas-en-educacion\/"},"author":{"name":"administrador","@id":"https:\/\/docentia.uautonoma.cl\/#\/schema\/person\/e9b3855c4c28b6e9e4623ffbdca9439f"},"headline":"Enfoque por Competencias Gen\u00e9ricas en Educaci\u00f3n","datePublished":"2024-07-11T20:43:56+00:00","dateModified":"2024-08-12T17:12:57+00:00","mainEntityOfPage":{"@id":"https:\/\/docentia.uautonoma.cl\/enfoque-por-competencias-genericas-en-educacion\/"},"wordCount":85,"commentCount":0,"publisher":{"@id":"https:\/\/docentia.uautonoma.cl\/#organization"},"image":{"@id":"https:\/\/docentia.uautonoma.cl\/enfoque-por-competencias-genericas-en-educacion\/#primaryimage"},"thumbnailUrl":"https:\/\/docentia.uautonoma.cl\/wp-content\/uploads\/2024\/07\/ENFOQUE-POR-COMPETENCIAS.webp","articleSection":["Nivel Habilitante","Ruta Formativa"],"inLanguage":"en-US","potentialAction":[{"@type":"CommentAction","name":"Comment","target":["https:\/\/docentia.uautonoma.cl\/enfoque-por-competencias-genericas-en-educacion\/#respond"]}]},{"@type":"WebPage","@id":"https:\/\/docentia.uautonoma.cl\/enfoque-por-competencias-genericas-en-educacion\/","url":"https:\/\/docentia.uautonoma.cl\/enfoque-por-competencias-genericas-en-educacion\/","name":"Enfoque por Competencias Gen\u00e9ricas en Educaci\u00f3n - Docentia","isPartOf":{"@id":"https:\/\/docentia.uautonoma.cl\/#website"},"primaryImageOfPage":{"@id":"https:\/\/docentia.uautonoma.cl\/enfoque-por-competencias-genericas-en-educacion\/#primaryimage"},"image":{"@id":"https:\/\/docentia.uautonoma.cl\/enfoque-por-competencias-genericas-en-educacion\/#primaryimage"},"thumbnailUrl":"https:\/\/docentia.uautonoma.cl\/wp-content\/uploads\/2024\/07\/ENFOQUE-POR-COMPETENCIAS.webp","datePublished":"2024-07-11T20:43:56+00:00","dateModified":"2024-08-12T17:12:57+00:00","breadcrumb":{"@id":"https:\/\/docentia.uautonoma.cl\/enfoque-por-competencias-genericas-en-educacion\/#breadcrumb"},"inLanguage":"en-US","potentialAction":[{"@type":"ReadAction","target":["https:\/\/docentia.uautonoma.cl\/enfoque-por-competencias-genericas-en-educacion\/"]}]},{"@type":"ImageObject","inLanguage":"en-US","@id":"https:\/\/docentia.uautonoma.cl\/enfoque-por-competencias-genericas-en-educacion\/#primaryimage","url":"https:\/\/docentia.uautonoma.cl\/wp-content\/uploads\/2024\/07\/ENFOQUE-POR-COMPETENCIAS.webp","contentUrl":"https:\/\/docentia.uautonoma.cl\/wp-content\/uploads\/2024\/07\/ENFOQUE-POR-COMPETENCIAS.webp","width":1232,"height":924},{"@type":"BreadcrumbList","@id":"https:\/\/docentia.uautonoma.cl\/enfoque-por-competencias-genericas-en-educacion\/#breadcrumb","itemListElement":[{"@type":"ListItem","position":1,"name":"Portada","item":"https:\/\/docentia.uautonoma.cl\/"},{"@type":"ListItem","position":2,"name":"Enfoque por Competencias Gen\u00e9ricas en Educaci\u00f3n"}]},{"@type":"WebSite","@id":"https:\/\/docentia.uautonoma.cl\/#website","url":"https:\/\/docentia.uautonoma.cl\/","name":"Docentia","description":"Centro de Innovaci\u00f3n y Desarrollo Docente","publisher":{"@id":"https:\/\/docentia.uautonoma.cl\/#organization"},"potentialAction":[{"@type":"SearchAction","target":{"@type":"EntryPoint","urlTemplate":"https:\/\/docentia.uautonoma.cl\/?s={search_term_string}"},"query-input":{"@type":"PropertyValueSpecification","valueRequired":true,"valueName":"search_term_string"}}],"inLanguage":"en-US"},{"@type":"Organization","@id":"https:\/\/docentia.uautonoma.cl\/#organization","name":"Docentia","url":"https:\/\/docentia.uautonoma.cl\/","logo":{"@type":"ImageObject","inLanguage":"en-US","@id":"https:\/\/docentia.uautonoma.cl\/#\/schema\/logo\/image\/","url":"https:\/\/docentia.uautonoma.cl\/wp-content\/uploads\/2024\/04\/logofinal-01.png","contentUrl":"https:\/\/docentia.uautonoma.cl\/wp-content\/uploads\/2024\/04\/logofinal-01.png","width":4167,"height":2084,"caption":"Docentia"},"image":{"@id":"https:\/\/docentia.uautonoma.cl\/#\/schema\/logo\/image\/"},"sameAs":["https:\/\/www.linkedin.com\/in\/docentia\/"]},{"@type":"Person","@id":"https:\/\/docentia.uautonoma.cl\/#\/schema\/person\/e9b3855c4c28b6e9e4623ffbdca9439f","name":"administrador","image":{"@type":"ImageObject","inLanguage":"en-US","@id":"https:\/\/docentia.uautonoma.cl\/#\/schema\/person\/image\/","url":"https:\/\/secure.gravatar.com\/avatar\/ec537d99eae2642ab4ef3d4f5dfa3c44de368aa29a608f8624c856ebd5a3c88d?s=96&d=mm&r=g","contentUrl":"https:\/\/secure.gravatar.com\/avatar\/ec537d99eae2642ab4ef3d4f5dfa3c44de368aa29a608f8624c856ebd5a3c88d?s=96&d=mm&r=g","caption":"administrador"},"sameAs":["https:\/\/docentia.compendiolab.com"],"url":"https:\/\/docentia.uautonoma.cl\/en\/author\/administrador\/"}]}},"_links":{"self":[{"href":"https:\/\/docentia.uautonoma.cl\/en\/wp-json\/wp\/v2\/posts\/1857","targetHints":{"allow":["GET"]}}],"collection":[{"href":"https:\/\/docentia.uautonoma.cl\/en\/wp-json\/wp\/v2\/posts"}],"about":[{"href":"https:\/\/docentia.uautonoma.cl\/en\/wp-json\/wp\/v2\/types\/post"}],"author":[{"embeddable":true,"href":"https:\/\/docentia.uautonoma.cl\/en\/wp-json\/wp\/v2\/users\/1"}],"replies":[{"embeddable":true,"href":"https:\/\/docentia.uautonoma.cl\/en\/wp-json\/wp\/v2\/comments?post=1857"}],"version-history":[{"count":6,"href":"https:\/\/docentia.uautonoma.cl\/en\/wp-json\/wp\/v2\/posts\/1857\/revisions"}],"predecessor-version":[{"id":2121,"href":"https:\/\/docentia.uautonoma.cl\/en\/wp-json\/wp\/v2\/posts\/1857\/revisions\/2121"}],"wp:featuredmedia":[{"embeddable":true,"href":"https:\/\/docentia.uautonoma.cl\/en\/wp-json\/wp\/v2\/media\/2176"}],"wp:attachment":[{"href":"https:\/\/docentia.uautonoma.cl\/en\/wp-json\/wp\/v2\/media?parent=1857"}],"wp:term":[{"taxonomy":"category","embeddable":true,"href":"https:\/\/docentia.uautonoma.cl\/en\/wp-json\/wp\/v2\/categories?post=1857"},{"taxonomy":"post_tag","embeddable":true,"href":"https:\/\/docentia.uautonoma.cl\/en\/wp-json\/wp\/v2\/tags?post=1857"}],"curies":[{"name":"wp","href":"https:\/\/api.w.org\/{rel}","templated":true}]}}